{"id":2006,"date":"2024-09-14T22:29:59","date_gmt":"2024-09-14T22:29:59","guid":{"rendered":"https:\/\/immigration-services.org\/?p=2006"},"modified":"2024-09-14T22:29:59","modified_gmt":"2024-09-14T22:29:59","slug":"immigration-minister-ahmed-hussen-comments-on-national-francophone-immigration-week","status":"publish","type":"post","link":"https:\/\/immigration-services.org\/?p=2006","title":{"rendered":"Immigration Minister Ahmed Hussen Comments on National Francophone Immigration Week"},"content":{"rendered":"<p><img decoding=\"async\" src=\"https:\/\/www.canadavisa.com\/images\/_1200x630_crop_center-center_82_none\/francophone.jpg?mtime=1656366946\" alt=\"\" title=\"\">  <img fetchpriority=\"high\" decoding=\"async\" alt=\"Francophone\" src=\"https:\/\/www.canadavisa.com\/images\/_newsThumbnail\/francophone.jpg\" width=\"400\" height=\"225\" \/> <img fetchpriority=\"high\" decoding=\"async\" alt=\"Francophone\" src=\"https:\/\/www.canadavisa.com\/images\/_newsThumbnail\/francophone.jpg\" width=\"400\" height=\"225\" \/><\/p>\n<p>October 30 marks the first day of National Francophone Immigration Week in Canada, a week-long event created by the Federation of Francophone and Acadian Communities of Canada (<em>F\u00e9d\u00e9ration des communaut\u00e9s francophones et acadienne<\/em>, or FCFA) and the Francophone Immigration Networks (<em>R\u00e9seaux en immigration francophone<\/em>, or RIF) to highlight Francophone immigration and diversity in Canada.<\/p>\n<p>Federal Immigration Minister Ahmed Hussen\u00a0issued the following statement in recognition of the national event,\u00a0\u201cEach year National Francophone Immigration Week gives Canadians the chance to learn more about, celebrate, and promote the contribution of French-speaking immigrants to the vitality of Francophone minority communities. This week, filled with activities across the country, allows host communities to develop links with Francophone newcomers and Francophiles alike.&#8221;<\/p>\n<p>Immigration, Refugees and Citizenship Canada (IRCC) launched Mobilit\u00e9 Francophone last year to help ease the hiring of French-speaking or bilingual skilled workers in French-speaking communities outside of the province of Quebec. The Mobilit\u00e9 Francophone stream under the International Mobility Program makes the hiring process easier for both Canadian employers and prospective employees. The process is simpler because it exempts employers from the\u00a0Labour Market Impact Assessment\u00a0(LMIA) process when hiring French-speaking or bilingual foreign workers in managerial, professional, or technical\/skilled trades occupations (NOC skill level 0, A or B), where the offer of employment is in a francophone minority community outside Quebec.<\/p>\n<p>Minister Hussen added, \u201cOur Government has made increasing Francophone immigration outside of Quebec a priority. While we have much work to do to reach our goal, our promotion efforts, changes to the Express Entry application process, and the <em>Mobilit\u00e9 Francophone <\/em>stream of the International Mobility Program are just some of the ways that we are already working on this important issue.&#8221;<\/p>\n<p>Changes to the Express Entry system that came into effect in June, 2017 allow Express Entry candidates with French ability to be awarded up to 30 additional points under the Comprehensive Ranking System (CRS).<\/p>\n<h4><em>To find out if you are eligible for any of more than 60 immigration programs that lead to permanent residence in Canada, please fill out a free online assessment.\u00a0<\/em><\/h4>\n<p> Please visit:  <br \/> <a href=\"https:\/\/teo-bg.com\/en\/tractors\/\" target=\"_blank\" rel=\"nofollow noopener\">Our Sponsor<\/a><\/p>\n","protected":false},"excerpt":{"rendered":"<p>October 30 marks the first day of National Francophone Immigration Week in Canada, a week-long event created by the Federation of Francophone and Acadian Communities of Canada (F\u00e9d\u00e9ration des communaut\u00e9s francophones et acadienne, or FCFA) and the Francophone Immigration Networks (R\u00e9seaux en immigration francophone, or RIF) to highlight Francophone immigration and diversity in Canada.Federal Immigration&hellip;<\/p>\n","protected":false},"author":1,"featured_media":2007,"comment_status":"open","ping_status":"open","sticky":false,"template":"","format":"standard","meta":{"_jetpack_memberships_contains_paid_content":false,"footnotes":""},"categories":[1],"tags":[],"class_list":["post-2006","post","type-post","status-publish","format-standard","has-post-thumbnail","hentry","category-immigration-services-at-one-place"],"yoast_head":"<!-- This site is optimized with the Yoast SEO plugin v27.5 - https:\/\/yoast.com\/product\/yoast-seo-wordpress\/ -->\n<title>Immigration Minister Ahmed Hussen Comments on National Francophone Immigration Week - Immigration Services<\/title>\n<meta name=\"robots\" content=\"index, follow, max-snippet:-1, max-image-preview:large, max-video-preview:-1\" \/>\n<link rel=\"canonical\" href=\"https:\/\/immigration-services.org\/?p=2006\" \/>\n<meta property=\"og:locale\" content=\"en_US\" \/>\n<meta property=\"og:type\" content=\"article\" \/>\n<meta property=\"og:title\" content=\"Immigration Minister Ahmed Hussen Comments on National Francophone Immigration Week - Immigration Services\" \/>\n<meta property=\"og:description\" content=\"October 30 marks the first day of National Francophone Immigration Week in Canada, a week-long event created by the Federation of Francophone and Acadian Communities of Canada (F\u00e9d\u00e9ration des communaut\u00e9s francophones et acadienne, or FCFA) and the Francophone Immigration Networks (R\u00e9seaux en immigration francophone, or RIF) to highlight Francophone immigration and diversity in Canada.Federal Immigration&hellip;\" \/>\n<meta property=\"og:url\" content=\"https:\/\/immigration-services.org\/?p=2006\" \/>\n<meta property=\"og:site_name\" content=\"Immigration Services\" \/>\n<meta property=\"article:published_time\" content=\"2024-09-14T22:29:59+00:00\" \/>\n<meta property=\"og:image\" content=\"https:\/\/www.canadavisa.com\/images\/_1200x630_crop_center-center_82_none\/francophone.jpg?mtime=1656366946\" \/>\n<meta name=\"author\" content=\"admin\" \/>\n<meta name=\"twitter:card\" content=\"summary_large_image\" \/>\n<meta name=\"twitter:label1\" content=\"Written by\" \/>\n\t<meta name=\"twitter:data1\" content=\"admin\" \/>\n\t<meta name=\"twitter:label2\" content=\"Est. reading time\" \/>\n\t<meta name=\"twitter:data2\" content=\"2 minutes\" \/>\n<script type=\"application\/ld+json\" class=\"yoast-schema-graph\">{\"@context\":\"https:\\\/\\\/schema.org\",\"@graph\":[{\"@type\":\"Article\",\"@id\":\"https:\\\/\\\/immigration-services.org\\\/?p=2006#article\",\"isPartOf\":{\"@id\":\"https:\\\/\\\/immigration-services.org\\\/?p=2006\"},\"author\":{\"name\":\"admin\",\"@id\":\"https:\\\/\\\/immigration-services.org\\\/#\\\/schema\\\/person\\\/1a4af85ef8ad48d33e790b57839ffa6e\"},\"headline\":\"Immigration Minister Ahmed Hussen Comments on National Francophone Immigration Week\",\"datePublished\":\"2024-09-14T22:29:59+00:00\",\"mainEntityOfPage\":{\"@id\":\"https:\\\/\\\/immigration-services.org\\\/?p=2006\"},\"wordCount\":358,\"commentCount\":0,\"image\":{\"@id\":\"https:\\\/\\\/immigration-services.org\\\/?p=2006#primaryimage\"},\"thumbnailUrl\":\"https:\\\/\\\/immigration-services.org\\\/wp-content\\\/uploads\\\/2024\\\/09\\\/francophone.jpg\",\"articleSection\":[\"Immigration Services\"],\"inLanguage\":\"en-US\",\"potentialAction\":[{\"@type\":\"CommentAction\",\"name\":\"Comment\",\"target\":[\"https:\\\/\\\/immigration-services.org\\\/?p=2006#respond\"]}]},{\"@type\":\"WebPage\",\"@id\":\"https:\\\/\\\/immigration-services.org\\\/?p=2006\",\"url\":\"https:\\\/\\\/immigration-services.org\\\/?p=2006\",\"name\":\"Immigration Minister Ahmed Hussen Comments on National Francophone Immigration Week - Immigration Services\",\"isPartOf\":{\"@id\":\"https:\\\/\\\/immigration-services.org\\\/#website\"},\"primaryImageOfPage\":{\"@id\":\"https:\\\/\\\/immigration-services.org\\\/?p=2006#primaryimage\"},\"image\":{\"@id\":\"https:\\\/\\\/immigration-services.org\\\/?p=2006#primaryimage\"},\"thumbnailUrl\":\"https:\\\/\\\/immigration-services.org\\\/wp-content\\\/uploads\\\/2024\\\/09\\\/francophone.jpg\",\"datePublished\":\"2024-09-14T22:29:59+00:00\",\"author\":{\"@id\":\"https:\\\/\\\/immigration-services.org\\\/#\\\/schema\\\/person\\\/1a4af85ef8ad48d33e790b57839ffa6e\"},\"breadcrumb\":{\"@id\":\"https:\\\/\\\/immigration-services.org\\\/?p=2006#breadcrumb\"},\"inLanguage\":\"en-US\",\"potentialAction\":[{\"@type\":\"ReadAction\",\"target\":[\"https:\\\/\\\/immigration-services.org\\\/?p=2006\"]}]},{\"@type\":\"ImageObject\",\"inLanguage\":\"en-US\",\"@id\":\"https:\\\/\\\/immigration-services.org\\\/?p=2006#primaryimage\",\"url\":\"https:\\\/\\\/immigration-services.org\\\/wp-content\\\/uploads\\\/2024\\\/09\\\/francophone.jpg\",\"contentUrl\":\"https:\\\/\\\/immigration-services.org\\\/wp-content\\\/uploads\\\/2024\\\/09\\\/francophone.jpg\",\"width\":1200,\"height\":630},{\"@type\":\"BreadcrumbList\",\"@id\":\"https:\\\/\\\/immigration-services.org\\\/?p=2006#breadcrumb\",\"itemListElement\":[{\"@type\":\"ListItem\",\"position\":1,\"name\":\"Home\",\"item\":\"https:\\\/\\\/immigration-services.org\\\/\"},{\"@type\":\"ListItem\",\"position\":2,\"name\":\"Immigration Minister Ahmed Hussen Comments on National Francophone Immigration Week\"}]},{\"@type\":\"WebSite\",\"@id\":\"https:\\\/\\\/immigration-services.org\\\/#website\",\"url\":\"https:\\\/\\\/immigration-services.org\\\/\",\"name\":\"Immigration Services\",\"description\":\"Immigration Services\",\"potentialAction\":[{\"@type\":\"SearchAction\",\"target\":{\"@type\":\"EntryPoint\",\"urlTemplate\":\"https:\\\/\\\/immigration-services.org\\\/?s={search_term_string}\"},\"query-input\":{\"@type\":\"PropertyValueSpecification\",\"valueRequired\":true,\"valueName\":\"search_term_string\"}}],\"inLanguage\":\"en-US\"},{\"@type\":\"Person\",\"@id\":\"https:\\\/\\\/immigration-services.org\\\/#\\\/schema\\\/person\\\/1a4af85ef8ad48d33e790b57839ffa6e\",\"name\":\"admin\",\"image\":{\"@type\":\"ImageObject\",\"inLanguage\":\"en-US\",\"@id\":\"https:\\\/\\\/secure.gravatar.com\\\/avatar\\\/8c35aa85bad1344a7319aa7ac741a946b5652d1b921d2b45895a0620aa0ff120?s=96&d=mm&r=g\",\"url\":\"https:\\\/\\\/secure.gravatar.com\\\/avatar\\\/8c35aa85bad1344a7319aa7ac741a946b5652d1b921d2b45895a0620aa0ff120?s=96&d=mm&r=g\",\"contentUrl\":\"https:\\\/\\\/secure.gravatar.com\\\/avatar\\\/8c35aa85bad1344a7319aa7ac741a946b5652d1b921d2b45895a0620aa0ff120?s=96&d=mm&r=g\",\"caption\":\"admin\"},\"sameAs\":[\"https:\\\/\\\/immigration-services.org\"],\"url\":\"https:\\\/\\\/immigration-services.org\\\/?author=1\"}]}<\/script>\n<!-- \/ Yoast SEO plugin. -->","yoast_head_json":{"title":"Immigration Minister Ahmed Hussen Comments on National Francophone Immigration Week - Immigration Services","robots":{"index":"index","follow":"follow","max-snippet":"max-snippet:-1","max-image-preview":"max-image-preview:large","max-video-preview":"max-video-preview:-1"},"canonical":"https:\/\/immigration-services.org\/?p=2006","og_locale":"en_US","og_type":"article","og_title":"Immigration Minister Ahmed Hussen Comments on National Francophone Immigration Week - Immigration Services","og_description":"October 30 marks the first day of National Francophone Immigration Week in Canada, a week-long event created by the Federation of Francophone and Acadian Communities of Canada (F\u00e9d\u00e9ration des communaut\u00e9s francophones et acadienne, or FCFA) and the Francophone Immigration Networks (R\u00e9seaux en immigration francophone, or RIF) to highlight Francophone immigration and diversity in Canada.Federal Immigration&hellip;","og_url":"https:\/\/immigration-services.org\/?p=2006","og_site_name":"Immigration Services","article_published_time":"2024-09-14T22:29:59+00:00","og_image":[{"url":"https:\/\/www.canadavisa.com\/images\/_1200x630_crop_center-center_82_none\/francophone.jpg?mtime=1656366946","type":"","width":"","height":""}],"author":"admin","twitter_card":"summary_large_image","twitter_misc":{"Written by":"admin","Est. reading time":"2 minutes"},"schema":{"@context":"https:\/\/schema.org","@graph":[{"@type":"Article","@id":"https:\/\/immigration-services.org\/?p=2006#article","isPartOf":{"@id":"https:\/\/immigration-services.org\/?p=2006"},"author":{"name":"admin","@id":"https:\/\/immigration-services.org\/#\/schema\/person\/1a4af85ef8ad48d33e790b57839ffa6e"},"headline":"Immigration Minister Ahmed Hussen Comments on National Francophone Immigration Week","datePublished":"2024-09-14T22:29:59+00:00","mainEntityOfPage":{"@id":"https:\/\/immigration-services.org\/?p=2006"},"wordCount":358,"commentCount":0,"image":{"@id":"https:\/\/immigration-services.org\/?p=2006#primaryimage"},"thumbnailUrl":"https:\/\/immigration-services.org\/wp-content\/uploads\/2024\/09\/francophone.jpg","articleSection":["Immigration Services"],"inLanguage":"en-US","potentialAction":[{"@type":"CommentAction","name":"Comment","target":["https:\/\/immigration-services.org\/?p=2006#respond"]}]},{"@type":"WebPage","@id":"https:\/\/immigration-services.org\/?p=2006","url":"https:\/\/immigration-services.org\/?p=2006","name":"Immigration Minister Ahmed Hussen Comments on National Francophone Immigration Week - Immigration Services","isPartOf":{"@id":"https:\/\/immigration-services.org\/#website"},"primaryImageOfPage":{"@id":"https:\/\/immigration-services.org\/?p=2006#primaryimage"},"image":{"@id":"https:\/\/immigration-services.org\/?p=2006#primaryimage"},"thumbnailUrl":"https:\/\/immigration-services.org\/wp-content\/uploads\/2024\/09\/francophone.jpg","datePublished":"2024-09-14T22:29:59+00:00","author":{"@id":"https:\/\/immigration-services.org\/#\/schema\/person\/1a4af85ef8ad48d33e790b57839ffa6e"},"breadcrumb":{"@id":"https:\/\/immigration-services.org\/?p=2006#breadcrumb"},"inLanguage":"en-US","potentialAction":[{"@type":"ReadAction","target":["https:\/\/immigration-services.org\/?p=2006"]}]},{"@type":"ImageObject","inLanguage":"en-US","@id":"https:\/\/immigration-services.org\/?p=2006#primaryimage","url":"https:\/\/immigration-services.org\/wp-content\/uploads\/2024\/09\/francophone.jpg","contentUrl":"https:\/\/immigration-services.org\/wp-content\/uploads\/2024\/09\/francophone.jpg","width":1200,"height":630},{"@type":"BreadcrumbList","@id":"https:\/\/immigration-services.org\/?p=2006#breadcrumb","itemListElement":[{"@type":"ListItem","position":1,"name":"Home","item":"https:\/\/immigration-services.org\/"},{"@type":"ListItem","position":2,"name":"Immigration Minister Ahmed Hussen Comments on National Francophone Immigration Week"}]},{"@type":"WebSite","@id":"https:\/\/immigration-services.org\/#website","url":"https:\/\/immigration-services.org\/","name":"Immigration Services","description":"Immigration Services","potentialAction":[{"@type":"SearchAction","target":{"@type":"EntryPoint","urlTemplate":"https:\/\/immigration-services.org\/?s={search_term_string}"},"query-input":{"@type":"PropertyValueSpecification","valueRequired":true,"valueName":"search_term_string"}}],"inLanguage":"en-US"},{"@type":"Person","@id":"https:\/\/immigration-services.org\/#\/schema\/person\/1a4af85ef8ad48d33e790b57839ffa6e","name":"admin","image":{"@type":"ImageObject","inLanguage":"en-US","@id":"https:\/\/secure.gravatar.com\/avatar\/8c35aa85bad1344a7319aa7ac741a946b5652d1b921d2b45895a0620aa0ff120?s=96&d=mm&r=g","url":"https:\/\/secure.gravatar.com\/avatar\/8c35aa85bad1344a7319aa7ac741a946b5652d1b921d2b45895a0620aa0ff120?s=96&d=mm&r=g","contentUrl":"https:\/\/secure.gravatar.com\/avatar\/8c35aa85bad1344a7319aa7ac741a946b5652d1b921d2b45895a0620aa0ff120?s=96&d=mm&r=g","caption":"admin"},"sameAs":["https:\/\/immigration-services.org"],"url":"https:\/\/immigration-services.org\/?author=1"}]}},"jetpack_featured_media_url":"https:\/\/immigration-services.org\/wp-content\/uploads\/2024\/09\/francophone.jpg","jetpack_sharing_enabled":true,"_links":{"self":[{"href":"https:\/\/immigration-services.org\/index.php?rest_route=\/wp\/v2\/posts\/2006","targetHints":{"allow":["GET"]}}],"collection":[{"href":"https:\/\/immigration-services.org\/index.php?rest_route=\/wp\/v2\/posts"}],"about":[{"href":"https:\/\/immigration-services.org\/index.php?rest_route=\/wp\/v2\/types\/post"}],"author":[{"embeddable":true,"href":"https:\/\/immigration-services.org\/index.php?rest_route=\/wp\/v2\/users\/1"}],"replies":[{"embeddable":true,"href":"https:\/\/immigration-services.org\/index.php?rest_route=%2Fwp%2Fv2%2Fcomments&post=2006"}],"version-history":[{"count":0,"href":"https:\/\/immigration-services.org\/index.php?rest_route=\/wp\/v2\/posts\/2006\/revisions"}],"wp:featuredmedia":[{"embeddable":true,"href":"https:\/\/immigration-services.org\/index.php?rest_route=\/wp\/v2\/media\/2007"}],"wp:attachment":[{"href":"https:\/\/immigration-services.org\/index.php?rest_route=%2Fwp%2Fv2%2Fmedia&parent=2006"}],"wp:term":[{"taxonomy":"category","embeddable":true,"href":"https:\/\/immigration-services.org\/index.php?rest_route=%2Fwp%2Fv2%2Fcategories&post=2006"},{"taxonomy":"post_tag","embeddable":true,"href":"https:\/\/immigration-services.org\/index.php?rest_route=%2Fwp%2Fv2%2Ftags&post=2006"}],"curies":[{"name":"wp","href":"https:\/\/api.w.org\/{rel}","templated":true}]}}