{"id":2572,"date":"2024-09-26T20:10:01","date_gmt":"2024-09-26T20:10:01","guid":{"rendered":"https:\/\/immigration-services.org\/?p=2572"},"modified":"2024-09-26T20:10:01","modified_gmt":"2024-09-26T20:10:01","slug":"le-gouvernement-du-quebec","status":"publish","type":"post","link":"https:\/\/immigration-services.org\/?p=2572","title":{"rendered":"Le gouvernement du Quebec"},"content":{"rendered":"<p><img decoding=\"async\" src=\"https:\/\/www.canadavisa.com\/images\/_1200x630_crop_center-center_82_none\/canadavisa-canadian-immigration-law-firm.png?mtime=1656366736\" alt=\"\" title=\"\">  <\/p>\n<p>Mme Yolande James, ministre de l&#8217;Immigration et des Communaut\u00e9s culturelles du Qu\u00e9bec, souligne que le dossier des reconnaissances des acquis est devenu une priorit\u00e9 du gouvernement. Elle a r\u00e9cemment annonc\u00e9 la r\u00e9alisation de sept nouveaux projets dans le but de faciliter le processus de reconna\u00eetre les comp\u00e9tences des immigrants au Qu\u00e9bec. Le gouvernement provincial a collabor\u00e9 avec plusieurs ordres professionnels r\u00e9gissant les professions d&#8217;agronome, de m\u00e9decin v\u00e9t\u00e9rinaire, de comptable en management accr\u00e9dit\u00e9, d&#8217;avocat, de dentiste, d&#8217;hygi\u00e9niste dentaire, et de technicien dentaire pour r\u00e9aliser ces projets.<\/p>\n<p>&#8220;Ces nouvelles ententes aideront les ordres professionnels \u00e0 \u00eatre mieux outill\u00e9s pour \u00e9valuer et reconna\u00eetre les formations et exp\u00e9riences acquises hors du Qu\u00e9bec par les immigrants.  Par cons\u00e9quent, ceux-ci seront mieux pr\u00e9par\u00e9s \u00e0 joindre  le march\u00e9 du travail qu\u00e9b\u00e9cois dans leur domaine de comp\u00e9tences, &#8221; a expliqu\u00e9 le ministre. Elle ajouta que son gouvernement &#8221; s&#8217;est engag\u00e9 \u00e0 soutenir les nouveaux arrivants pour qu&#8217;ils puissent avoir acc\u00e8s aux professions r\u00e8glement\u00e9es et se joindre \u00e0 nous pour continuer \u00e0 b\u00e2tir une soci\u00e9t\u00e9 unique, pluraliste et prosp\u00e8re.&#8221;<\/p>\n<p>Le minist\u00e8re de l&#8217;Immigration et des Communaut\u00e9s culturelles (MICC), ainsi que ses partenaires, ont trois objectifs \u00e0 atteindre.  En premier lieu, ils visent \u00e0 am\u00e9liorer la qualit\u00e9 de l&#8217;information fournie aupr\u00e8s des m\u00e9tiers r\u00e9glement\u00e9s et aupr\u00e8s du processus de reconnaissance des acquis des personnes form\u00e9es \u00e0 l&#8217;\u00e9tranger.  En deuxi\u00e8me lieu, leur objectif est d&#8217;impl\u00e9menter de nouveaux outils d&#8217;\u00e9valuation des comp\u00e9tences pour assurer que le processus soit encore plus transparent, \u00e9quitable et efficace.  Finalement, ils visent \u00e0 am\u00e9liorer l&#8217;acc\u00e8s \u00e0 la formation d&#8217;appoint pour aider les candidats \u00e0 se procurer des comp\u00e9tences n\u00e9cessaires pour pratiquer leur m\u00e9tier au Qu\u00e9bec.<\/p>\n<p>Source : Le Gouvernement du Qu\u00e9bec<\/p>\n<p> Please visit:  <br \/> <a href=\"https:\/\/teo-bg.com\/en\/tractors\/\" target=\"_blank\" rel=\"nofollow noopener\">Our Sponsor<\/a><\/p>\n","protected":false},"excerpt":{"rendered":"<p>Mme Yolande James, ministre de l&#8217;Immigration et des Communaut\u00e9s culturelles du Qu\u00e9bec, souligne que le dossier des reconnaissances des acquis est devenu une priorit\u00e9 du gouvernement. Elle a r\u00e9cemment annonc\u00e9 la r\u00e9alisation de sept nouveaux projets dans le but de faciliter le processus de reconna\u00eetre les comp\u00e9tences des immigrants au Qu\u00e9bec. Le gouvernement provincial a&hellip;<\/p>\n","protected":false},"author":1,"featured_media":2573,"comment_status":"open","ping_status":"open","sticky":false,"template":"","format":"standard","meta":{"_jetpack_memberships_contains_paid_content":false,"footnotes":""},"categories":[1],"tags":[],"class_list":["post-2572","post","type-post","status-publish","format-standard","has-post-thumbnail","hentry","category-immigration-services-at-one-place"],"yoast_head":"<!-- This site is optimized with the Yoast SEO plugin v27.5 - https:\/\/yoast.com\/product\/yoast-seo-wordpress\/ -->\n<title>Le gouvernement du Quebec - Immigration Services<\/title>\n<meta name=\"robots\" content=\"index, follow, max-snippet:-1, max-image-preview:large, max-video-preview:-1\" \/>\n<link rel=\"canonical\" href=\"https:\/\/immigration-services.org\/?p=2572\" \/>\n<meta property=\"og:locale\" content=\"en_US\" \/>\n<meta property=\"og:type\" content=\"article\" \/>\n<meta property=\"og:title\" content=\"Le gouvernement du Quebec - Immigration Services\" \/>\n<meta property=\"og:description\" content=\"Mme Yolande James, ministre de l&#039;Immigration et des Communaut\u00e9s culturelles du Qu\u00e9bec, souligne que le dossier des reconnaissances des acquis est devenu une priorit\u00e9 du gouvernement. Elle a r\u00e9cemment annonc\u00e9 la r\u00e9alisation de sept nouveaux projets dans le but de faciliter le processus de reconna\u00eetre les comp\u00e9tences des immigrants au Qu\u00e9bec. Le gouvernement provincial a&hellip;\" \/>\n<meta property=\"og:url\" content=\"https:\/\/immigration-services.org\/?p=2572\" \/>\n<meta property=\"og:site_name\" content=\"Immigration Services\" \/>\n<meta property=\"article:published_time\" content=\"2024-09-26T20:10:01+00:00\" \/>\n<meta property=\"og:image\" content=\"https:\/\/www.canadavisa.com\/images\/_1200x630_crop_center-center_82_none\/canadavisa-canadian-immigration-law-firm.png?mtime=1656366736\" \/>\n<meta name=\"author\" content=\"admin\" \/>\n<meta name=\"twitter:card\" content=\"summary_large_image\" \/>\n<meta name=\"twitter:label1\" content=\"Written by\" \/>\n\t<meta name=\"twitter:data1\" content=\"admin\" \/>\n\t<meta name=\"twitter:label2\" content=\"Est. reading time\" \/>\n\t<meta name=\"twitter:data2\" content=\"2 minutes\" \/>\n<script type=\"application\/ld+json\" class=\"yoast-schema-graph\">{\"@context\":\"https:\\\/\\\/schema.org\",\"@graph\":[{\"@type\":\"Article\",\"@id\":\"https:\\\/\\\/immigration-services.org\\\/?p=2572#article\",\"isPartOf\":{\"@id\":\"https:\\\/\\\/immigration-services.org\\\/?p=2572\"},\"author\":{\"name\":\"admin\",\"@id\":\"https:\\\/\\\/immigration-services.org\\\/#\\\/schema\\\/person\\\/1a4af85ef8ad48d33e790b57839ffa6e\"},\"headline\":\"Le gouvernement du Quebec\",\"datePublished\":\"2024-09-26T20:10:01+00:00\",\"mainEntityOfPage\":{\"@id\":\"https:\\\/\\\/immigration-services.org\\\/?p=2572\"},\"wordCount\":330,\"commentCount\":0,\"image\":{\"@id\":\"https:\\\/\\\/immigration-services.org\\\/?p=2572#primaryimage\"},\"thumbnailUrl\":\"https:\\\/\\\/immigration-services.org\\\/wp-content\\\/uploads\\\/2024\\\/09\\\/canadavisa-canadian-immigration-law-firm-31.png\",\"articleSection\":[\"Immigration Services\"],\"inLanguage\":\"en-US\",\"potentialAction\":[{\"@type\":\"CommentAction\",\"name\":\"Comment\",\"target\":[\"https:\\\/\\\/immigration-services.org\\\/?p=2572#respond\"]}]},{\"@type\":\"WebPage\",\"@id\":\"https:\\\/\\\/immigration-services.org\\\/?p=2572\",\"url\":\"https:\\\/\\\/immigration-services.org\\\/?p=2572\",\"name\":\"Le gouvernement du Quebec - Immigration Services\",\"isPartOf\":{\"@id\":\"https:\\\/\\\/immigration-services.org\\\/#website\"},\"primaryImageOfPage\":{\"@id\":\"https:\\\/\\\/immigration-services.org\\\/?p=2572#primaryimage\"},\"image\":{\"@id\":\"https:\\\/\\\/immigration-services.org\\\/?p=2572#primaryimage\"},\"thumbnailUrl\":\"https:\\\/\\\/immigration-services.org\\\/wp-content\\\/uploads\\\/2024\\\/09\\\/canadavisa-canadian-immigration-law-firm-31.png\",\"datePublished\":\"2024-09-26T20:10:01+00:00\",\"author\":{\"@id\":\"https:\\\/\\\/immigration-services.org\\\/#\\\/schema\\\/person\\\/1a4af85ef8ad48d33e790b57839ffa6e\"},\"breadcrumb\":{\"@id\":\"https:\\\/\\\/immigration-services.org\\\/?p=2572#breadcrumb\"},\"inLanguage\":\"en-US\",\"potentialAction\":[{\"@type\":\"ReadAction\",\"target\":[\"https:\\\/\\\/immigration-services.org\\\/?p=2572\"]}]},{\"@type\":\"ImageObject\",\"inLanguage\":\"en-US\",\"@id\":\"https:\\\/\\\/immigration-services.org\\\/?p=2572#primaryimage\",\"url\":\"https:\\\/\\\/immigration-services.org\\\/wp-content\\\/uploads\\\/2024\\\/09\\\/canadavisa-canadian-immigration-law-firm-31.png\",\"contentUrl\":\"https:\\\/\\\/immigration-services.org\\\/wp-content\\\/uploads\\\/2024\\\/09\\\/canadavisa-canadian-immigration-law-firm-31.png\",\"width\":1200,\"height\":630},{\"@type\":\"BreadcrumbList\",\"@id\":\"https:\\\/\\\/immigration-services.org\\\/?p=2572#breadcrumb\",\"itemListElement\":[{\"@type\":\"ListItem\",\"position\":1,\"name\":\"Home\",\"item\":\"https:\\\/\\\/immigration-services.org\\\/\"},{\"@type\":\"ListItem\",\"position\":2,\"name\":\"Le gouvernement du Quebec\"}]},{\"@type\":\"WebSite\",\"@id\":\"https:\\\/\\\/immigration-services.org\\\/#website\",\"url\":\"https:\\\/\\\/immigration-services.org\\\/\",\"name\":\"Immigration Services\",\"description\":\"Immigration Services\",\"potentialAction\":[{\"@type\":\"SearchAction\",\"target\":{\"@type\":\"EntryPoint\",\"urlTemplate\":\"https:\\\/\\\/immigration-services.org\\\/?s={search_term_string}\"},\"query-input\":{\"@type\":\"PropertyValueSpecification\",\"valueRequired\":true,\"valueName\":\"search_term_string\"}}],\"inLanguage\":\"en-US\"},{\"@type\":\"Person\",\"@id\":\"https:\\\/\\\/immigration-services.org\\\/#\\\/schema\\\/person\\\/1a4af85ef8ad48d33e790b57839ffa6e\",\"name\":\"admin\",\"image\":{\"@type\":\"ImageObject\",\"inLanguage\":\"en-US\",\"@id\":\"https:\\\/\\\/secure.gravatar.com\\\/avatar\\\/8c35aa85bad1344a7319aa7ac741a946b5652d1b921d2b45895a0620aa0ff120?s=96&d=mm&r=g\",\"url\":\"https:\\\/\\\/secure.gravatar.com\\\/avatar\\\/8c35aa85bad1344a7319aa7ac741a946b5652d1b921d2b45895a0620aa0ff120?s=96&d=mm&r=g\",\"contentUrl\":\"https:\\\/\\\/secure.gravatar.com\\\/avatar\\\/8c35aa85bad1344a7319aa7ac741a946b5652d1b921d2b45895a0620aa0ff120?s=96&d=mm&r=g\",\"caption\":\"admin\"},\"sameAs\":[\"https:\\\/\\\/immigration-services.org\"],\"url\":\"https:\\\/\\\/immigration-services.org\\\/?author=1\"}]}<\/script>\n<!-- \/ Yoast SEO plugin. -->","yoast_head_json":{"title":"Le gouvernement du Quebec - Immigration Services","robots":{"index":"index","follow":"follow","max-snippet":"max-snippet:-1","max-image-preview":"max-image-preview:large","max-video-preview":"max-video-preview:-1"},"canonical":"https:\/\/immigration-services.org\/?p=2572","og_locale":"en_US","og_type":"article","og_title":"Le gouvernement du Quebec - Immigration Services","og_description":"Mme Yolande James, ministre de l'Immigration et des Communaut\u00e9s culturelles du Qu\u00e9bec, souligne que le dossier des reconnaissances des acquis est devenu une priorit\u00e9 du gouvernement. Elle a r\u00e9cemment annonc\u00e9 la r\u00e9alisation de sept nouveaux projets dans le but de faciliter le processus de reconna\u00eetre les comp\u00e9tences des immigrants au Qu\u00e9bec. Le gouvernement provincial a&hellip;","og_url":"https:\/\/immigration-services.org\/?p=2572","og_site_name":"Immigration Services","article_published_time":"2024-09-26T20:10:01+00:00","og_image":[{"url":"https:\/\/www.canadavisa.com\/images\/_1200x630_crop_center-center_82_none\/canadavisa-canadian-immigration-law-firm.png?mtime=1656366736","type":"","width":"","height":""}],"author":"admin","twitter_card":"summary_large_image","twitter_misc":{"Written by":"admin","Est. reading time":"2 minutes"},"schema":{"@context":"https:\/\/schema.org","@graph":[{"@type":"Article","@id":"https:\/\/immigration-services.org\/?p=2572#article","isPartOf":{"@id":"https:\/\/immigration-services.org\/?p=2572"},"author":{"name":"admin","@id":"https:\/\/immigration-services.org\/#\/schema\/person\/1a4af85ef8ad48d33e790b57839ffa6e"},"headline":"Le gouvernement du Quebec","datePublished":"2024-09-26T20:10:01+00:00","mainEntityOfPage":{"@id":"https:\/\/immigration-services.org\/?p=2572"},"wordCount":330,"commentCount":0,"image":{"@id":"https:\/\/immigration-services.org\/?p=2572#primaryimage"},"thumbnailUrl":"https:\/\/immigration-services.org\/wp-content\/uploads\/2024\/09\/canadavisa-canadian-immigration-law-firm-31.png","articleSection":["Immigration Services"],"inLanguage":"en-US","potentialAction":[{"@type":"CommentAction","name":"Comment","target":["https:\/\/immigration-services.org\/?p=2572#respond"]}]},{"@type":"WebPage","@id":"https:\/\/immigration-services.org\/?p=2572","url":"https:\/\/immigration-services.org\/?p=2572","name":"Le gouvernement du Quebec - Immigration Services","isPartOf":{"@id":"https:\/\/immigration-services.org\/#website"},"primaryImageOfPage":{"@id":"https:\/\/immigration-services.org\/?p=2572#primaryimage"},"image":{"@id":"https:\/\/immigration-services.org\/?p=2572#primaryimage"},"thumbnailUrl":"https:\/\/immigration-services.org\/wp-content\/uploads\/2024\/09\/canadavisa-canadian-immigration-law-firm-31.png","datePublished":"2024-09-26T20:10:01+00:00","author":{"@id":"https:\/\/immigration-services.org\/#\/schema\/person\/1a4af85ef8ad48d33e790b57839ffa6e"},"breadcrumb":{"@id":"https:\/\/immigration-services.org\/?p=2572#breadcrumb"},"inLanguage":"en-US","potentialAction":[{"@type":"ReadAction","target":["https:\/\/immigration-services.org\/?p=2572"]}]},{"@type":"ImageObject","inLanguage":"en-US","@id":"https:\/\/immigration-services.org\/?p=2572#primaryimage","url":"https:\/\/immigration-services.org\/wp-content\/uploads\/2024\/09\/canadavisa-canadian-immigration-law-firm-31.png","contentUrl":"https:\/\/immigration-services.org\/wp-content\/uploads\/2024\/09\/canadavisa-canadian-immigration-law-firm-31.png","width":1200,"height":630},{"@type":"BreadcrumbList","@id":"https:\/\/immigration-services.org\/?p=2572#breadcrumb","itemListElement":[{"@type":"ListItem","position":1,"name":"Home","item":"https:\/\/immigration-services.org\/"},{"@type":"ListItem","position":2,"name":"Le gouvernement du Quebec"}]},{"@type":"WebSite","@id":"https:\/\/immigration-services.org\/#website","url":"https:\/\/immigration-services.org\/","name":"Immigration Services","description":"Immigration Services","potentialAction":[{"@type":"SearchAction","target":{"@type":"EntryPoint","urlTemplate":"https:\/\/immigration-services.org\/?s={search_term_string}"},"query-input":{"@type":"PropertyValueSpecification","valueRequired":true,"valueName":"search_term_string"}}],"inLanguage":"en-US"},{"@type":"Person","@id":"https:\/\/immigration-services.org\/#\/schema\/person\/1a4af85ef8ad48d33e790b57839ffa6e","name":"admin","image":{"@type":"ImageObject","inLanguage":"en-US","@id":"https:\/\/secure.gravatar.com\/avatar\/8c35aa85bad1344a7319aa7ac741a946b5652d1b921d2b45895a0620aa0ff120?s=96&d=mm&r=g","url":"https:\/\/secure.gravatar.com\/avatar\/8c35aa85bad1344a7319aa7ac741a946b5652d1b921d2b45895a0620aa0ff120?s=96&d=mm&r=g","contentUrl":"https:\/\/secure.gravatar.com\/avatar\/8c35aa85bad1344a7319aa7ac741a946b5652d1b921d2b45895a0620aa0ff120?s=96&d=mm&r=g","caption":"admin"},"sameAs":["https:\/\/immigration-services.org"],"url":"https:\/\/immigration-services.org\/?author=1"}]}},"jetpack_featured_media_url":"https:\/\/immigration-services.org\/wp-content\/uploads\/2024\/09\/canadavisa-canadian-immigration-law-firm-31.png","jetpack_sharing_enabled":true,"_links":{"self":[{"href":"https:\/\/immigration-services.org\/index.php?rest_route=\/wp\/v2\/posts\/2572","targetHints":{"allow":["GET"]}}],"collection":[{"href":"https:\/\/immigration-services.org\/index.php?rest_route=\/wp\/v2\/posts"}],"about":[{"href":"https:\/\/immigration-services.org\/index.php?rest_route=\/wp\/v2\/types\/post"}],"author":[{"embeddable":true,"href":"https:\/\/immigration-services.org\/index.php?rest_route=\/wp\/v2\/users\/1"}],"replies":[{"embeddable":true,"href":"https:\/\/immigration-services.org\/index.php?rest_route=%2Fwp%2Fv2%2Fcomments&post=2572"}],"version-history":[{"count":0,"href":"https:\/\/immigration-services.org\/index.php?rest_route=\/wp\/v2\/posts\/2572\/revisions"}],"wp:featuredmedia":[{"embeddable":true,"href":"https:\/\/immigration-services.org\/index.php?rest_route=\/wp\/v2\/media\/2573"}],"wp:attachment":[{"href":"https:\/\/immigration-services.org\/index.php?rest_route=%2Fwp%2Fv2%2Fmedia&parent=2572"}],"wp:term":[{"taxonomy":"category","embeddable":true,"href":"https:\/\/immigration-services.org\/index.php?rest_route=%2Fwp%2Fv2%2Fcategories&post=2572"},{"taxonomy":"post_tag","embeddable":true,"href":"https:\/\/immigration-services.org\/index.php?rest_route=%2Fwp%2Fv2%2Ftags&post=2572"}],"curies":[{"name":"wp","href":"https:\/\/api.w.org\/{rel}","templated":true}]}}