{"id":3264,"date":"2024-10-11T11:33:26","date_gmt":"2024-10-11T11:33:26","guid":{"rendered":"https:\/\/immigration-services.org\/?p=3264"},"modified":"2024-10-11T11:33:26","modified_gmt":"2024-10-11T11:33:26","slug":"immigration-minister-promotes-francophone-immigration-to-communities-outside-quebec","status":"publish","type":"post","link":"https:\/\/immigration-services.org\/?p=3264","title":{"rendered":"Immigration Minister Promotes Francophone Immigration To Communities Outside Quebec"},"content":{"rendered":"<p><img decoding=\"async\" src=\"https:\/\/www.canadavisa.com\/images\/_1200x630_crop_center-center_82_none\/francophone.jpg?mtime=1656366946\" alt=\"\" title=\"\">  <img fetchpriority=\"high\" decoding=\"async\" alt=\"Francophone\" src=\"https:\/\/www.canadavisa.com\/images\/_newsThumbnail\/francophone.jpg\" width=\"400\" height=\"225\" \/> <img fetchpriority=\"high\" decoding=\"async\" alt=\"Francophone\" src=\"https:\/\/www.canadavisa.com\/images\/_newsThumbnail\/francophone.jpg\" width=\"400\" height=\"225\" \/><\/p>\n<p> In a series of meetings with community leaders, immigration advocacy groups, and stakeholders in Winnipeg this week, Minister of Citizenship and Immigration, Chris Alexander, has advocated increased francophone immigration across Canada.<\/p>\n<p>    Mr. Alexander said that communities outside the predominantly French-speaking province of Quebec should be targeted in particular for francophone    immigration. The Government of Canada is committed to increasing the French-speaking immigrant population outside Quebec, and has established the    Francophone Significant Benefit Program for employers, which allows for LMIA-exempt hiring of skilled French-speaking\/bilingual professionals.<\/p>\n<p>    \u201cOur government is proud to promote Francophone immigration to Canada, which will help to ensure our communities remain vibrant and prosperous. We will    continue to work with our partners to attract Francophone immigrants with the skills our labour market and economy needs,\u201d stated Mr. Alexander.<\/p>\n<p>    While in Winnipeg, Mr. Alexander met with the local Francophone Immigration Network and other stakeholders to discuss francophone immigration and otherlocal needs. The Minister also visited the <em>Accueil Francophone<\/em> and met with young Manitobans who participated in a program of the <em>Conseil de d\u00e9veloppement \u00e9conomique des municipalit\u00e9s bilingues du Manitoba<\/em>. These two organisations provide services and programs to help    francophone immigrants settle and enter the job market.<\/p>\n<p> Please visit:  <br \/> <a href=\"https:\/\/teo-bg.com\/en\/tractors\/\" target=\"_blank\" rel=\"nofollow noopener\">Our Sponsor<\/a><\/p>\n","protected":false},"excerpt":{"rendered":"<p>In a series of meetings with community leaders, immigration advocacy groups, and stakeholders in Winnipeg this week, Minister of Citizenship and Immigration, Chris Alexander, has advocated increased francophone immigration across Canada. Mr. Alexander said that communities outside the predominantly French-speaking province of Quebec should be targeted in particular for francophone immigration. The Government of Canada&hellip;<\/p>\n","protected":false},"author":1,"featured_media":3265,"comment_status":"open","ping_status":"open","sticky":false,"template":"","format":"standard","meta":{"_jetpack_memberships_contains_paid_content":false,"footnotes":""},"categories":[1],"tags":[],"class_list":["post-3264","post","type-post","status-publish","format-standard","has-post-thumbnail","hentry","category-immigration-services-at-one-place"],"yoast_head":"<!-- This site is optimized with the Yoast SEO plugin v27.5 - https:\/\/yoast.com\/product\/yoast-seo-wordpress\/ -->\n<title>Immigration Minister Promotes Francophone Immigration To Communities Outside Quebec - Immigration Services<\/title>\n<meta name=\"robots\" content=\"index, follow, max-snippet:-1, max-image-preview:large, max-video-preview:-1\" \/>\n<link rel=\"canonical\" href=\"https:\/\/immigration-services.org\/?p=3264\" \/>\n<meta property=\"og:locale\" content=\"en_US\" \/>\n<meta property=\"og:type\" content=\"article\" \/>\n<meta property=\"og:title\" content=\"Immigration Minister Promotes Francophone Immigration To Communities Outside Quebec - Immigration Services\" \/>\n<meta property=\"og:description\" content=\"In a series of meetings with community leaders, immigration advocacy groups, and stakeholders in Winnipeg this week, Minister of Citizenship and Immigration, Chris Alexander, has advocated increased francophone immigration across Canada. Mr. Alexander said that communities outside the predominantly French-speaking province of Quebec should be targeted in particular for francophone immigration. The Government of Canada&hellip;\" \/>\n<meta property=\"og:url\" content=\"https:\/\/immigration-services.org\/?p=3264\" \/>\n<meta property=\"og:site_name\" content=\"Immigration Services\" \/>\n<meta property=\"article:published_time\" content=\"2024-10-11T11:33:26+00:00\" \/>\n<meta property=\"og:image\" content=\"https:\/\/www.canadavisa.com\/images\/_1200x630_crop_center-center_82_none\/francophone.jpg?mtime=1656366946\" \/>\n<meta name=\"author\" content=\"admin\" \/>\n<meta name=\"twitter:card\" content=\"summary_large_image\" \/>\n<meta name=\"twitter:label1\" content=\"Written by\" \/>\n\t<meta name=\"twitter:data1\" content=\"admin\" \/>\n\t<meta name=\"twitter:label2\" content=\"Est. reading time\" \/>\n\t<meta name=\"twitter:data2\" content=\"1 minute\" \/>\n<script type=\"application\/ld+json\" class=\"yoast-schema-graph\">{\"@context\":\"https:\\\/\\\/schema.org\",\"@graph\":[{\"@type\":\"Article\",\"@id\":\"https:\\\/\\\/immigration-services.org\\\/?p=3264#article\",\"isPartOf\":{\"@id\":\"https:\\\/\\\/immigration-services.org\\\/?p=3264\"},\"author\":{\"name\":\"admin\",\"@id\":\"https:\\\/\\\/immigration-services.org\\\/#\\\/schema\\\/person\\\/1a4af85ef8ad48d33e790b57839ffa6e\"},\"headline\":\"Immigration Minister Promotes Francophone Immigration To Communities Outside Quebec\",\"datePublished\":\"2024-10-11T11:33:26+00:00\",\"mainEntityOfPage\":{\"@id\":\"https:\\\/\\\/immigration-services.org\\\/?p=3264\"},\"wordCount\":212,\"commentCount\":0,\"image\":{\"@id\":\"https:\\\/\\\/immigration-services.org\\\/?p=3264#primaryimage\"},\"thumbnailUrl\":\"https:\\\/\\\/immigration-services.org\\\/wp-content\\\/uploads\\\/2024\\\/10\\\/francophone.jpg\",\"articleSection\":[\"Immigration Services\"],\"inLanguage\":\"en-US\",\"potentialAction\":[{\"@type\":\"CommentAction\",\"name\":\"Comment\",\"target\":[\"https:\\\/\\\/immigration-services.org\\\/?p=3264#respond\"]}]},{\"@type\":\"WebPage\",\"@id\":\"https:\\\/\\\/immigration-services.org\\\/?p=3264\",\"url\":\"https:\\\/\\\/immigration-services.org\\\/?p=3264\",\"name\":\"Immigration Minister Promotes Francophone Immigration To Communities Outside Quebec - Immigration Services\",\"isPartOf\":{\"@id\":\"https:\\\/\\\/immigration-services.org\\\/#website\"},\"primaryImageOfPage\":{\"@id\":\"https:\\\/\\\/immigration-services.org\\\/?p=3264#primaryimage\"},\"image\":{\"@id\":\"https:\\\/\\\/immigration-services.org\\\/?p=3264#primaryimage\"},\"thumbnailUrl\":\"https:\\\/\\\/immigration-services.org\\\/wp-content\\\/uploads\\\/2024\\\/10\\\/francophone.jpg\",\"datePublished\":\"2024-10-11T11:33:26+00:00\",\"author\":{\"@id\":\"https:\\\/\\\/immigration-services.org\\\/#\\\/schema\\\/person\\\/1a4af85ef8ad48d33e790b57839ffa6e\"},\"breadcrumb\":{\"@id\":\"https:\\\/\\\/immigration-services.org\\\/?p=3264#breadcrumb\"},\"inLanguage\":\"en-US\",\"potentialAction\":[{\"@type\":\"ReadAction\",\"target\":[\"https:\\\/\\\/immigration-services.org\\\/?p=3264\"]}]},{\"@type\":\"ImageObject\",\"inLanguage\":\"en-US\",\"@id\":\"https:\\\/\\\/immigration-services.org\\\/?p=3264#primaryimage\",\"url\":\"https:\\\/\\\/immigration-services.org\\\/wp-content\\\/uploads\\\/2024\\\/10\\\/francophone.jpg\",\"contentUrl\":\"https:\\\/\\\/immigration-services.org\\\/wp-content\\\/uploads\\\/2024\\\/10\\\/francophone.jpg\",\"width\":1200,\"height\":630},{\"@type\":\"BreadcrumbList\",\"@id\":\"https:\\\/\\\/immigration-services.org\\\/?p=3264#breadcrumb\",\"itemListElement\":[{\"@type\":\"ListItem\",\"position\":1,\"name\":\"Home\",\"item\":\"https:\\\/\\\/immigration-services.org\\\/\"},{\"@type\":\"ListItem\",\"position\":2,\"name\":\"Immigration Minister Promotes Francophone Immigration To Communities Outside Quebec\"}]},{\"@type\":\"WebSite\",\"@id\":\"https:\\\/\\\/immigration-services.org\\\/#website\",\"url\":\"https:\\\/\\\/immigration-services.org\\\/\",\"name\":\"Immigration Services\",\"description\":\"Immigration Services\",\"potentialAction\":[{\"@type\":\"SearchAction\",\"target\":{\"@type\":\"EntryPoint\",\"urlTemplate\":\"https:\\\/\\\/immigration-services.org\\\/?s={search_term_string}\"},\"query-input\":{\"@type\":\"PropertyValueSpecification\",\"valueRequired\":true,\"valueName\":\"search_term_string\"}}],\"inLanguage\":\"en-US\"},{\"@type\":\"Person\",\"@id\":\"https:\\\/\\\/immigration-services.org\\\/#\\\/schema\\\/person\\\/1a4af85ef8ad48d33e790b57839ffa6e\",\"name\":\"admin\",\"image\":{\"@type\":\"ImageObject\",\"inLanguage\":\"en-US\",\"@id\":\"https:\\\/\\\/secure.gravatar.com\\\/avatar\\\/8c35aa85bad1344a7319aa7ac741a946b5652d1b921d2b45895a0620aa0ff120?s=96&d=mm&r=g\",\"url\":\"https:\\\/\\\/secure.gravatar.com\\\/avatar\\\/8c35aa85bad1344a7319aa7ac741a946b5652d1b921d2b45895a0620aa0ff120?s=96&d=mm&r=g\",\"contentUrl\":\"https:\\\/\\\/secure.gravatar.com\\\/avatar\\\/8c35aa85bad1344a7319aa7ac741a946b5652d1b921d2b45895a0620aa0ff120?s=96&d=mm&r=g\",\"caption\":\"admin\"},\"sameAs\":[\"https:\\\/\\\/immigration-services.org\"],\"url\":\"https:\\\/\\\/immigration-services.org\\\/?author=1\"}]}<\/script>\n<!-- \/ Yoast SEO plugin. -->","yoast_head_json":{"title":"Immigration Minister Promotes Francophone Immigration To Communities Outside Quebec - Immigration Services","robots":{"index":"index","follow":"follow","max-snippet":"max-snippet:-1","max-image-preview":"max-image-preview:large","max-video-preview":"max-video-preview:-1"},"canonical":"https:\/\/immigration-services.org\/?p=3264","og_locale":"en_US","og_type":"article","og_title":"Immigration Minister Promotes Francophone Immigration To Communities Outside Quebec - Immigration Services","og_description":"In a series of meetings with community leaders, immigration advocacy groups, and stakeholders in Winnipeg this week, Minister of Citizenship and Immigration, Chris Alexander, has advocated increased francophone immigration across Canada. Mr. Alexander said that communities outside the predominantly French-speaking province of Quebec should be targeted in particular for francophone immigration. The Government of Canada&hellip;","og_url":"https:\/\/immigration-services.org\/?p=3264","og_site_name":"Immigration Services","article_published_time":"2024-10-11T11:33:26+00:00","og_image":[{"url":"https:\/\/www.canadavisa.com\/images\/_1200x630_crop_center-center_82_none\/francophone.jpg?mtime=1656366946","type":"","width":"","height":""}],"author":"admin","twitter_card":"summary_large_image","twitter_misc":{"Written by":"admin","Est. reading time":"1 minute"},"schema":{"@context":"https:\/\/schema.org","@graph":[{"@type":"Article","@id":"https:\/\/immigration-services.org\/?p=3264#article","isPartOf":{"@id":"https:\/\/immigration-services.org\/?p=3264"},"author":{"name":"admin","@id":"https:\/\/immigration-services.org\/#\/schema\/person\/1a4af85ef8ad48d33e790b57839ffa6e"},"headline":"Immigration Minister Promotes Francophone Immigration To Communities Outside Quebec","datePublished":"2024-10-11T11:33:26+00:00","mainEntityOfPage":{"@id":"https:\/\/immigration-services.org\/?p=3264"},"wordCount":212,"commentCount":0,"image":{"@id":"https:\/\/immigration-services.org\/?p=3264#primaryimage"},"thumbnailUrl":"https:\/\/immigration-services.org\/wp-content\/uploads\/2024\/10\/francophone.jpg","articleSection":["Immigration Services"],"inLanguage":"en-US","potentialAction":[{"@type":"CommentAction","name":"Comment","target":["https:\/\/immigration-services.org\/?p=3264#respond"]}]},{"@type":"WebPage","@id":"https:\/\/immigration-services.org\/?p=3264","url":"https:\/\/immigration-services.org\/?p=3264","name":"Immigration Minister Promotes Francophone Immigration To Communities Outside Quebec - Immigration Services","isPartOf":{"@id":"https:\/\/immigration-services.org\/#website"},"primaryImageOfPage":{"@id":"https:\/\/immigration-services.org\/?p=3264#primaryimage"},"image":{"@id":"https:\/\/immigration-services.org\/?p=3264#primaryimage"},"thumbnailUrl":"https:\/\/immigration-services.org\/wp-content\/uploads\/2024\/10\/francophone.jpg","datePublished":"2024-10-11T11:33:26+00:00","author":{"@id":"https:\/\/immigration-services.org\/#\/schema\/person\/1a4af85ef8ad48d33e790b57839ffa6e"},"breadcrumb":{"@id":"https:\/\/immigration-services.org\/?p=3264#breadcrumb"},"inLanguage":"en-US","potentialAction":[{"@type":"ReadAction","target":["https:\/\/immigration-services.org\/?p=3264"]}]},{"@type":"ImageObject","inLanguage":"en-US","@id":"https:\/\/immigration-services.org\/?p=3264#primaryimage","url":"https:\/\/immigration-services.org\/wp-content\/uploads\/2024\/10\/francophone.jpg","contentUrl":"https:\/\/immigration-services.org\/wp-content\/uploads\/2024\/10\/francophone.jpg","width":1200,"height":630},{"@type":"BreadcrumbList","@id":"https:\/\/immigration-services.org\/?p=3264#breadcrumb","itemListElement":[{"@type":"ListItem","position":1,"name":"Home","item":"https:\/\/immigration-services.org\/"},{"@type":"ListItem","position":2,"name":"Immigration Minister Promotes Francophone Immigration To Communities Outside Quebec"}]},{"@type":"WebSite","@id":"https:\/\/immigration-services.org\/#website","url":"https:\/\/immigration-services.org\/","name":"Immigration Services","description":"Immigration Services","potentialAction":[{"@type":"SearchAction","target":{"@type":"EntryPoint","urlTemplate":"https:\/\/immigration-services.org\/?s={search_term_string}"},"query-input":{"@type":"PropertyValueSpecification","valueRequired":true,"valueName":"search_term_string"}}],"inLanguage":"en-US"},{"@type":"Person","@id":"https:\/\/immigration-services.org\/#\/schema\/person\/1a4af85ef8ad48d33e790b57839ffa6e","name":"admin","image":{"@type":"ImageObject","inLanguage":"en-US","@id":"https:\/\/secure.gravatar.com\/avatar\/8c35aa85bad1344a7319aa7ac741a946b5652d1b921d2b45895a0620aa0ff120?s=96&d=mm&r=g","url":"https:\/\/secure.gravatar.com\/avatar\/8c35aa85bad1344a7319aa7ac741a946b5652d1b921d2b45895a0620aa0ff120?s=96&d=mm&r=g","contentUrl":"https:\/\/secure.gravatar.com\/avatar\/8c35aa85bad1344a7319aa7ac741a946b5652d1b921d2b45895a0620aa0ff120?s=96&d=mm&r=g","caption":"admin"},"sameAs":["https:\/\/immigration-services.org"],"url":"https:\/\/immigration-services.org\/?author=1"}]}},"jetpack_featured_media_url":"https:\/\/immigration-services.org\/wp-content\/uploads\/2024\/10\/francophone.jpg","jetpack_sharing_enabled":true,"_links":{"self":[{"href":"https:\/\/immigration-services.org\/index.php?rest_route=\/wp\/v2\/posts\/3264","targetHints":{"allow":["GET"]}}],"collection":[{"href":"https:\/\/immigration-services.org\/index.php?rest_route=\/wp\/v2\/posts"}],"about":[{"href":"https:\/\/immigration-services.org\/index.php?rest_route=\/wp\/v2\/types\/post"}],"author":[{"embeddable":true,"href":"https:\/\/immigration-services.org\/index.php?rest_route=\/wp\/v2\/users\/1"}],"replies":[{"embeddable":true,"href":"https:\/\/immigration-services.org\/index.php?rest_route=%2Fwp%2Fv2%2Fcomments&post=3264"}],"version-history":[{"count":0,"href":"https:\/\/immigration-services.org\/index.php?rest_route=\/wp\/v2\/posts\/3264\/revisions"}],"wp:featuredmedia":[{"embeddable":true,"href":"https:\/\/immigration-services.org\/index.php?rest_route=\/wp\/v2\/media\/3265"}],"wp:attachment":[{"href":"https:\/\/immigration-services.org\/index.php?rest_route=%2Fwp%2Fv2%2Fmedia&parent=3264"}],"wp:term":[{"taxonomy":"category","embeddable":true,"href":"https:\/\/immigration-services.org\/index.php?rest_route=%2Fwp%2Fv2%2Fcategories&post=3264"},{"taxonomy":"post_tag","embeddable":true,"href":"https:\/\/immigration-services.org\/index.php?rest_route=%2Fwp%2Fv2%2Ftags&post=3264"}],"curies":[{"name":"wp","href":"https:\/\/api.w.org\/{rel}","templated":true}]}}